[{"command":"settings","settings":{"basePath":"\/","pathPrefix":"","setHasJsCookie":0,"ajaxPageState":{"theme":"dontknow","theme_token":"jAXoqjZUsN7JSLrplhEJDVoLaZZkcAEIzVjpgIG65JM"},"global_filter_1":["global-filter-1-view-group-terms","",1],"collapsible_comments":{"level":0,"mode":0,"effect":"slide"}},"merge":true},{"command":"insert","method":"replaceWith","selector":"#decisiones-destacadas-show-more","data":"\u003Ca id=\u0022decisiones-destacadas-show-more\u0022 href=\u0022\/ajax\/deb\/dest\/92476?page=0,2\u0022 class=\u0022use-ajax btn\u0022\u003EMostrar m\u00e1s\u003C\/a\u003E","settings":null},{"command":"insert","method":"append","selector":"#decisiones-destacadas-list","data":"  \u003Cli class=\u0022search-result decision hide\u0022\u003E\n        \u003Ch2 class=\u0022title\u0022\u003E\u003Ca href=\u0022\/decision\/exigir-que-unifiquen-sistemas-informacion-distintos-organismos-sanitarios\u0022\u003E\u00bfExigir que se unifiquen los sistemas de informaci\u00f3n de los distintos organismos sanitarios?\u003C\/a\u003E \u003C\/h2\u003E\n\n              \u003Cp class=\u0022opina\u0022\u003E\n        \u003Cspan class=\u0022titulo\u0022\u003EOpina\u003C\/span\u003E        \u003Ca href=\u0022#\u0022 data-url=\u0022\/plus1\/vote\/node\/86421\/plus1_node_vote_opina?json=true\u0026amp;token=rQ59U3sHF2DgN6SJaGXcPINF9lqWJ7HSzOXICqMJeX8\u0026amp;destination=ajax\/deb\/dest\/92476%3Fpage%3D0%252C1\u0026amp;compact=1\u0022 rel=\u0022nofollow\u0022 class=\u0022btn btn-primary btn-block plus1-link\u0022 title=\u0022Opina s\u00ed\u0022 id=\u0022boton-mas-186421\u0022\u003ES\u00ed\u003C\/a\u003E\u003Cspan class=\u0022porcentaje-si\u0022\u003E100%\u003C\/span\u003E\u003Ca href=\u0022#\u0022 data-url=\u0022\/plus1\/vote-1\/node\/86421\/plus1_node_vote_opina?json=true\u0026amp;token=rQ59U3sHF2DgN6SJaGXcPINF9lqWJ7HSzOXICqMJeX8\u0026amp;destination=ajax\/deb\/dest\/92476%3Fpage%3D0%252C1\u0026amp;compact=1\u0022 rel=\u0022nofollow\u0022 class=\u0022btn btn-primary btn-block plus1-1-link\u0022 title=\u0022Opina no\u0022 id=\u0022boton-menos-186421\u0022\u003ENo\u003C\/a\u003E\u003Cspan class=\u0022porcentaje-no\u0022\u003E0%\u003C\/span\u003E\u003Cspan class=\u0022numero-opiniones\u0022\u003E4 opiniones\u003C\/span\u003E      \u003C\/p\u003E\n    \n    \u003Col class=\u0022eventos\u0022\u003E\n                            \u003Cli class=\u0022search-result\u0022\u003E\n          \u003Cdiv class=\u0022user-picture\u0022\u003E\n            \u003Ca href=\u0022\/usuario\/enrique-baca-baldomero\u0022 title=\u0022Ir al perfil del experto Enrique  Baca Baldomero\u0022\u003E\u003Cimg src=\u0022https:\/\/www.dontknow.net\/sites\/default\/files\/styles\/profile\/public\/usuarios\/picture-25236-1348741436.jpg?itok=ZqjyC5-9\u0022 width=\u0022100\u0022 height=\u0022100\u0022 alt=\u0022Enrique  Baca Baldomero\u0022 title=\u0022Enrique  Baca Baldomero\u0022 \/\u003E\u003C\/a\u003E            \u003C\/a\u003E\n          \u003C\/div\u003E\n          \u003Cdiv class=\u0022search-snippet-info\u0022\u003E\n            \u003Cspan class=\u0022experto\u0022\u003E\n              \u003Cimg src=\u0022https:\/\/www.dontknow.net\/sites\/all\/themes\/dontknow\/images\/ico.birrete.png\u0022 alt=\u0022Icono experto\u0022 \/\u003E               \u003Ca href=\u0022\/usuario\/enrique-baca-baldomero\u0022\u003EEnrique  Baca Baldomero\u003C\/a\u003E            \u003C\/span\u003E ha publicado una opini\u00f3n.\n            \u003Cspan class=\u0022fecha\u0022\u003EHace 11 a\u00f1os.\u003C\/span\u003E\n            \u003Cspan class=\u0022intro-texto\u0022\u003E\n              \u003Ca rel=\u0022nofollow\u0022 href=\u0022\/punto-de-vista\/enrique-baca-baldomero-exigir-que-unifiquen-sistemas-informacion-distintos-organismos-sanitarios-si\u0022 class=\u0022si-no\u0022\u003E\n                S\u00ed              \u003C\/a\u003E\n\n              \u003Ca href=\u0022\/punto-de-vista\/enrique-baca-baldomero-exigir-que-unifiquen-sistemas-informacion-distintos-organismos-sanitarios-si\u0022\u003E\n                La descoordinaci\u00f3n y falta de comunicaci\u00f3n entre los sistemas de informaci\u00f3n de los organismos sanitarios es, hoy por hoy, evidente.Es necesario un esfuerzo por unific (...)              \u003C\/a\u003E\u003C\/span\u003E\n          \u003C\/div\u003E\n        \u003C\/li\u003E\n                        \u003Cli class=\u0022search-result\u0022\u003E\n          \u003Cdiv class=\u0022user-picture\u0022\u003E\n            \u003Ca href=\u0022\/usuario\/leopoldo-gonzalo\u0022 title=\u0022Ir al perfil del experto Leopoldo  Gonzalo\u0022\u003E\u003Cimg src=\u0022https:\/\/www.dontknow.net\/sites\/default\/files\/styles\/profile\/public\/usuarios\/picture-24961-1341067776.jpg?itok=nCWEOqf6\u0022 width=\u0022100\u0022 height=\u0022100\u0022 alt=\u0022Leopoldo  Gonzalo\u0022 title=\u0022Leopoldo  Gonzalo\u0022 \/\u003E\u003C\/a\u003E            \u003C\/a\u003E\n          \u003C\/div\u003E\n          \u003Cdiv class=\u0022search-snippet-info\u0022\u003E\n            \u003Cspan class=\u0022experto\u0022\u003E\n              \u003Cimg src=\u0022https:\/\/www.dontknow.net\/sites\/all\/themes\/dontknow\/images\/ico.birrete.png\u0022 alt=\u0022Icono experto\u0022 \/\u003E               \u003Ca href=\u0022\/usuario\/leopoldo-gonzalo\u0022\u003ELeopoldo  Gonzalo\u003C\/a\u003E            \u003C\/span\u003E ha publicado una opini\u00f3n.\n            \u003Cspan class=\u0022fecha\u0022\u003EHace 13 a\u00f1os.\u003C\/span\u003E\n            \u003Cspan class=\u0022intro-texto\u0022\u003E\n              \u003Ca rel=\u0022nofollow\u0022 href=\u0022\/punto-de-vista\/leopoldo-gonzalo-exigir-que-unifiquen-sistemas-informacion-distintos-organismos-sanitarios-si\u0022 class=\u0022si-no\u0022\u003E\n                S\u00ed              \u003C\/a\u003E\n\n              \u003Ca href=\u0022\/punto-de-vista\/leopoldo-gonzalo-exigir-que-unifiquen-sistemas-informacion-distintos-organismos-sanitarios-si\u0022\u003E\n                Los sistemas inform\u00e1ticos y los procedimientos unidos a los mismos deber\u00edan ser comunes a todos los centros y servicios sanitarios, y estar interconectados entre s\u00ed.              \u003C\/a\u003E\u003C\/span\u003E\n          \u003C\/div\u003E\n        \u003C\/li\u003E\n                  \u003C\/ol\u003E\n  \u003C\/li\u003E\n    \u003Cli class=\u0022search-result decision hide\u0022\u003E\n        \u003Ch2 class=\u0022title\u0022\u003E\u003Ca href=\u0022\/decision\/pensar-que-sistema-sanitario-holandes-es-mejor-que-espanol\u0022\u003E\u00bfPensar que el sistema sanitario holand\u00e9s es mejor que el espa\u00f1ol?\u003C\/a\u003E \u003C\/h2\u003E\n\n              \u003Cp class=\u0022opina\u0022\u003E\n        \u003Cspan class=\u0022titulo\u0022\u003EOpina\u003C\/span\u003E        \u003Ca href=\u0022#\u0022 data-url=\u0022\/plus1\/vote\/node\/92431\/plus1_node_vote_opina?json=true\u0026amp;token=ep654J_23ipQGw_lhTwSe9v_dXzfR9ePzCCCb8EYbNQ\u0026amp;destination=ajax\/deb\/dest\/92476%3Fpage%3D0%252C1\u0026amp;compact=1\u0022 rel=\u0022nofollow\u0022 class=\u0022btn btn-primary btn-block plus1-link\u0022 title=\u0022Opina s\u00ed\u0022 id=\u0022boton-mas-192431\u0022\u003ES\u00ed\u003C\/a\u003E\u003Cspan class=\u0022porcentaje-si\u0022\u003E47%\u003C\/span\u003E\u003Ca href=\u0022#\u0022 data-url=\u0022\/plus1\/vote-1\/node\/92431\/plus1_node_vote_opina?json=true\u0026amp;token=ep654J_23ipQGw_lhTwSe9v_dXzfR9ePzCCCb8EYbNQ\u0026amp;destination=ajax\/deb\/dest\/92476%3Fpage%3D0%252C1\u0026amp;compact=1\u0022 rel=\u0022nofollow\u0022 class=\u0022btn btn-primary btn-block plus1-1-link\u0022 title=\u0022Opina no\u0022 id=\u0022boton-menos-192431\u0022\u003ENo\u003C\/a\u003E\u003Cspan class=\u0022porcentaje-no\u0022\u003E53%\u003C\/span\u003E\u003Cspan class=\u0022numero-opiniones\u0022\u003E15 opiniones\u003C\/span\u003E      \u003C\/p\u003E\n    \n    \u003Col class=\u0022eventos\u0022\u003E\n                            \u003Cli class=\u0022search-result\u0022\u003E\n          \u003Cdiv class=\u0022user-picture\u0022\u003E\n            \u003Ca href=\u0022\/usuario\/luis-gonzalez-feria\u0022 title=\u0022Ir al perfil del experto Luis Gonz\u00e1lez Feria\u0022\u003E\u003Cimg src=\u0022https:\/\/www.dontknow.net\/sites\/default\/files\/styles\/profile\/public\/usuarios\/picture-25551-1371212177.jpg?itok=aGVEsDkv\u0022 width=\u0022100\u0022 height=\u0022100\u0022 alt=\u0022Luis Gonz\u00e1lez Feria\u0022 title=\u0022Luis Gonz\u00e1lez Feria\u0022 \/\u003E\u003C\/a\u003E            \u003C\/a\u003E\n          \u003C\/div\u003E\n          \u003Cdiv class=\u0022search-snippet-info\u0022\u003E\n            \u003Cspan class=\u0022experto\u0022\u003E\n              \u003Cimg src=\u0022https:\/\/www.dontknow.net\/sites\/all\/themes\/dontknow\/images\/ico.birrete.png\u0022 alt=\u0022Icono experto\u0022 \/\u003E               \u003Ca href=\u0022\/usuario\/luis-gonzalez-feria\u0022\u003ELuis Gonz\u00e1lez Feria\u003C\/a\u003E            \u003C\/span\u003E ha publicado una opini\u00f3n.\n            \u003Cspan class=\u0022fecha\u0022\u003EHace 12 a\u00f1os.\u003C\/span\u003E\n            \u003Cspan class=\u0022intro-texto\u0022\u003E\n              \u003Ca rel=\u0022nofollow\u0022 href=\u0022\/punto-de-vista\/luis-gonzalez-feria-pensar-que-sistema-sanitario-holandes-es-mejor-que-espanol-si\u0022 class=\u0022si-no\u0022\u003E\n                S\u00ed              \u003C\/a\u003E\n\n              \u003Ca href=\u0022\/punto-de-vista\/luis-gonzalez-feria-pensar-que-sistema-sanitario-holandes-es-mejor-que-espanol-si\u0022\u003E\n                El sistema sanitario holand\u00e9s es un poco m\u00e1s caro que el espa\u00f1ol pero tiene libre eleccion de m\u00e9dico, no hay listas de espera y tiene una gran calidad, es el mejor pu (...)              \u003C\/a\u003E\u003C\/span\u003E\n          \u003C\/div\u003E\n        \u003C\/li\u003E\n                  \u003C\/ol\u003E\n  \u003C\/li\u003E\n    \u003Cli class=\u0022search-result decision hide\u0022\u003E\n        \u003Ch2 class=\u0022title\u0022\u003E\u003Ca href=\u0022\/decision\/reformar-sistema-sanitario\u0022\u003E\u00bfReformar el Sistema Sanitario?\u003C\/a\u003E \u003C\/h2\u003E\n\n              \u003Cp class=\u0022opina\u0022\u003E\n        \u003Cspan class=\u0022titulo\u0022\u003EOpina\u003C\/span\u003E        \u003Ca href=\u0022#\u0022 data-url=\u0022\/plus1\/vote\/node\/91151\/plus1_node_vote_opina?json=true\u0026amp;token=3w64xFxwjoD22jwDWKVY8dL6gjjRSlhlDlBFO4C3Oiw\u0026amp;destination=ajax\/deb\/dest\/92476%3Fpage%3D0%252C1\u0026amp;compact=1\u0022 rel=\u0022nofollow\u0022 class=\u0022btn btn-primary btn-block plus1-link\u0022 title=\u0022Opina s\u00ed\u0022 id=\u0022boton-mas-191151\u0022\u003ES\u00ed\u003C\/a\u003E\u003Cspan class=\u0022porcentaje-si\u0022\u003E81%\u003C\/span\u003E\u003Ca href=\u0022#\u0022 data-url=\u0022\/plus1\/vote-1\/node\/91151\/plus1_node_vote_opina?json=true\u0026amp;token=3w64xFxwjoD22jwDWKVY8dL6gjjRSlhlDlBFO4C3Oiw\u0026amp;destination=ajax\/deb\/dest\/92476%3Fpage%3D0%252C1\u0026amp;compact=1\u0022 rel=\u0022nofollow\u0022 class=\u0022btn btn-primary btn-block plus1-1-link\u0022 title=\u0022Opina no\u0022 id=\u0022boton-menos-191151\u0022\u003ENo\u003C\/a\u003E\u003Cspan class=\u0022porcentaje-no\u0022\u003E19%\u003C\/span\u003E\u003Cspan class=\u0022numero-opiniones\u0022\u003E16 opiniones\u003C\/span\u003E      \u003C\/p\u003E\n    \n    \u003Col class=\u0022eventos\u0022\u003E\n                            \u003Cli class=\u0022search-result\u0022\u003E\n          \u003Cdiv class=\u0022user-picture\u0022\u003E\n            \u003Ca href=\u0022\/usuario\/luis-gonzalez-feria\u0022 title=\u0022Ir al perfil del experto Luis Gonz\u00e1lez Feria\u0022\u003E\u003Cimg src=\u0022https:\/\/www.dontknow.net\/sites\/default\/files\/styles\/profile\/public\/usuarios\/picture-25551-1371212177.jpg?itok=aGVEsDkv\u0022 width=\u0022100\u0022 height=\u0022100\u0022 alt=\u0022Luis Gonz\u00e1lez Feria\u0022 title=\u0022Luis Gonz\u00e1lez Feria\u0022 \/\u003E\u003C\/a\u003E            \u003C\/a\u003E\n          \u003C\/div\u003E\n          \u003Cdiv class=\u0022search-snippet-info\u0022\u003E\n            \u003Cspan class=\u0022experto\u0022\u003E\n              \u003Cimg src=\u0022https:\/\/www.dontknow.net\/sites\/all\/themes\/dontknow\/images\/ico.birrete.png\u0022 alt=\u0022Icono experto\u0022 \/\u003E               \u003Ca href=\u0022\/usuario\/luis-gonzalez-feria\u0022\u003ELuis Gonz\u00e1lez Feria\u003C\/a\u003E            \u003C\/span\u003E ha publicado una opini\u00f3n.\n            \u003Cspan class=\u0022fecha\u0022\u003EHace 12 a\u00f1os.\u003C\/span\u003E\n            \u003Cspan class=\u0022intro-texto\u0022\u003E\n              \u003Ca rel=\u0022nofollow\u0022 href=\u0022\/punto-de-vista\/luis-gonzalez-feria-reformar-sistema-sanitario-si\u0022 class=\u0022si-no\u0022\u003E\n                S\u00ed              \u003C\/a\u003E\n\n              \u003Ca href=\u0022\/punto-de-vista\/luis-gonzalez-feria-reformar-sistema-sanitario-si\u0022\u003E\n                Nuestro sistema est\u00e1 en semiquiebra con una deuda importante y con unos efectos estructurales que vienen de hace mucho tiempo y que han empeorado con la crisis. No podem (...)              \u003C\/a\u003E\u003C\/span\u003E\n          \u003C\/div\u003E\n        \u003C\/li\u003E\n                  \u003C\/ol\u003E\n  \u003C\/li\u003E\n    \u003Cli class=\u0022search-result decision hide\u0022\u003E\n        \u003Ch2 class=\u0022title\u0022\u003E\u003Ca href=\u0022\/decision\/buscar-nuevas-medidas-financiacion-sanidad-publica-aparte-impuestos\u0022\u003E\u00bfBuscar nuevas medidas de financiaci\u00f3n de la Sanidad P\u00fablica, aparte de los impuestos?\u003C\/a\u003E \u003C\/h2\u003E\n\n              \u003Cp class=\u0022opina\u0022\u003E\n        \u003Cspan class=\u0022titulo\u0022\u003EOpina\u003C\/span\u003E        \u003Ca href=\u0022#\u0022 data-url=\u0022\/plus1\/vote\/node\/92436\/plus1_node_vote_opina?json=true\u0026amp;token=GfQE4x2jhsxOjHIOdGCsDczwOzIhVmPZ47syAXqmAcE\u0026amp;destination=ajax\/deb\/dest\/92476%3Fpage%3D0%252C1\u0026amp;compact=1\u0022 rel=\u0022nofollow\u0022 class=\u0022btn btn-primary btn-block plus1-link\u0022 title=\u0022Opina s\u00ed\u0022 id=\u0022boton-mas-192436\u0022\u003ES\u00ed\u003C\/a\u003E\u003Cspan class=\u0022porcentaje-si\u0022\u003E100%\u003C\/span\u003E\u003Ca href=\u0022#\u0022 data-url=\u0022\/plus1\/vote-1\/node\/92436\/plus1_node_vote_opina?json=true\u0026amp;token=GfQE4x2jhsxOjHIOdGCsDczwOzIhVmPZ47syAXqmAcE\u0026amp;destination=ajax\/deb\/dest\/92476%3Fpage%3D0%252C1\u0026amp;compact=1\u0022 rel=\u0022nofollow\u0022 class=\u0022btn btn-primary btn-block plus1-1-link\u0022 title=\u0022Opina no\u0022 id=\u0022boton-menos-192436\u0022\u003ENo\u003C\/a\u003E\u003Cspan class=\u0022porcentaje-no\u0022\u003E0%\u003C\/span\u003E\u003Cspan class=\u0022numero-opiniones\u0022\u003E4 opiniones\u003C\/span\u003E      \u003C\/p\u003E\n    \n    \u003Col class=\u0022eventos\u0022\u003E\n                            \u003Cli class=\u0022search-result\u0022\u003E\n          \u003Cdiv class=\u0022user-picture\u0022\u003E\n            \u003Ca href=\u0022\/usuario\/jose-luis-gonzalez-quiros\u0022 title=\u0022Ir al perfil del experto Jos\u00e9 Luis Gonz\u00e1lez Quir\u00f3s\u0022\u003E\u003Cimg src=\u0022https:\/\/www.dontknow.net\/sites\/default\/files\/styles\/profile\/public\/usuarios\/picture-173521-1353781202.jpg?itok=teiKB8yZ\u0022 width=\u0022100\u0022 height=\u0022100\u0022 alt=\u0022Jos\u00e9 Luis Gonz\u00e1lez Quir\u00f3s\u0022 title=\u0022Jos\u00e9 Luis Gonz\u00e1lez Quir\u00f3s\u0022 \/\u003E\u003C\/a\u003E            \u003C\/a\u003E\n          \u003C\/div\u003E\n          \u003Cdiv class=\u0022search-snippet-info\u0022\u003E\n            \u003Cspan class=\u0022experto\u0022\u003E\n              \u003Cimg src=\u0022https:\/\/www.dontknow.net\/sites\/all\/themes\/dontknow\/images\/ico.birrete.png\u0022 alt=\u0022Icono experto\u0022 \/\u003E               \u003Ca href=\u0022\/usuario\/jose-luis-gonzalez-quiros\u0022\u003EJos\u00e9 Luis Gonz\u00e1lez Quir\u00f3s\u003C\/a\u003E            \u003C\/span\u003E ha publicado una opini\u00f3n.\n            \u003Cspan class=\u0022fecha\u0022\u003EHace 11 a\u00f1os.\u003C\/span\u003E\n            \u003Cspan class=\u0022intro-texto\u0022\u003E\n              \u003Ca rel=\u0022nofollow\u0022 href=\u0022\/punto-de-vista\/jose-luis-gonzalez-quiros-buscar-nuevas-medidas-financiacion-sanidad-publica-aparte-impuestos-si\u0022 class=\u0022si-no\u0022\u003E\n                S\u00ed              \u003C\/a\u003E\n\n              \u003Ca href=\u0022\/punto-de-vista\/jose-luis-gonzalez-quiros-buscar-nuevas-medidas-financiacion-sanidad-publica-aparte-impuestos-si\u0022\u003E\n                La Sanidad P\u00fablica espa\u00f1ola presenta un d\u00e9ficit incontenible, que hace preciso buscar f\u00f3rmulas alternativas a los impuestos. Dichas f\u00f3rmulas deben buscar un doble ob (...)              \u003C\/a\u003E\u003C\/span\u003E\n          \u003C\/div\u003E\n        \u003C\/li\u003E\n                  \u003C\/ol\u003E\n  \u003C\/li\u003E\n    \u003Cli class=\u0022search-result decision hide\u0022\u003E\n        \u003Ch2 class=\u0022title\u0022\u003E\u003Ca href=\u0022\/decision\/fijar-limites-asistencia-sanitaria-publica\u0022\u003E\u00bfFijar l\u00edmites a la asistencia sanitaria p\u00fablica?\u003C\/a\u003E \u003C\/h2\u003E\n\n              \u003Cp class=\u0022opina\u0022\u003E\n        \u003Cspan class=\u0022titulo\u0022\u003EOpina\u003C\/span\u003E        \u003Ca href=\u0022#\u0022 data-url=\u0022\/plus1\/vote\/node\/92421\/plus1_node_vote_opina?json=true\u0026amp;token=QdSzD50gHyvQsP_ASfk-6tdYkURME_81yY07BxKaHyA\u0026amp;destination=ajax\/deb\/dest\/92476%3Fpage%3D0%252C1\u0026amp;compact=1\u0022 rel=\u0022nofollow\u0022 class=\u0022btn btn-primary btn-block plus1-link\u0022 title=\u0022Opina s\u00ed\u0022 id=\u0022boton-mas-192421\u0022\u003ES\u00ed\u003C\/a\u003E\u003Cspan class=\u0022porcentaje-si\u0022\u003E50%\u003C\/span\u003E\u003Ca href=\u0022#\u0022 data-url=\u0022\/plus1\/vote-1\/node\/92421\/plus1_node_vote_opina?json=true\u0026amp;token=QdSzD50gHyvQsP_ASfk-6tdYkURME_81yY07BxKaHyA\u0026amp;destination=ajax\/deb\/dest\/92476%3Fpage%3D0%252C1\u0026amp;compact=1\u0022 rel=\u0022nofollow\u0022 class=\u0022btn btn-primary btn-block plus1-1-link\u0022 title=\u0022Opina no\u0022 id=\u0022boton-menos-192421\u0022\u003ENo\u003C\/a\u003E\u003Cspan class=\u0022porcentaje-no\u0022\u003E50%\u003C\/span\u003E\u003Cspan class=\u0022numero-opiniones\u0022\u003E28 opiniones\u003C\/span\u003E      \u003C\/p\u003E\n    \n    \u003Col class=\u0022eventos\u0022\u003E\n                            \u003Cli class=\u0022search-result\u0022\u003E\n          \u003Cdiv class=\u0022user-picture\u0022\u003E\n            \u003Ca href=\u0022\/usuario\/jose-luis-gonzalez-quiros\u0022 title=\u0022Ir al perfil del experto Jos\u00e9 Luis Gonz\u00e1lez Quir\u00f3s\u0022\u003E\u003Cimg src=\u0022https:\/\/www.dontknow.net\/sites\/default\/files\/styles\/profile\/public\/usuarios\/picture-173521-1353781202.jpg?itok=teiKB8yZ\u0022 width=\u0022100\u0022 height=\u0022100\u0022 alt=\u0022Jos\u00e9 Luis Gonz\u00e1lez Quir\u00f3s\u0022 title=\u0022Jos\u00e9 Luis Gonz\u00e1lez Quir\u00f3s\u0022 \/\u003E\u003C\/a\u003E            \u003C\/a\u003E\n          \u003C\/div\u003E\n          \u003Cdiv class=\u0022search-snippet-info\u0022\u003E\n            \u003Cspan class=\u0022experto\u0022\u003E\n              \u003Cimg src=\u0022https:\/\/www.dontknow.net\/sites\/all\/themes\/dontknow\/images\/ico.birrete.png\u0022 alt=\u0022Icono experto\u0022 \/\u003E               \u003Ca href=\u0022\/usuario\/jose-luis-gonzalez-quiros\u0022\u003EJos\u00e9 Luis Gonz\u00e1lez Quir\u00f3s\u003C\/a\u003E            \u003C\/span\u003E ha publicado una opini\u00f3n.\n            \u003Cspan class=\u0022fecha\u0022\u003EHace 10 a\u00f1os.\u003C\/span\u003E\n            \u003Cspan class=\u0022intro-texto\u0022\u003E\n              \u003Ca rel=\u0022nofollow\u0022 href=\u0022\/punto-de-vista\/jose-luis-gonzalez-quiros-fijar-limites-asistencia-sanitaria-publica-si\u0022 class=\u0022si-no\u0022\u003E\n                S\u00ed              \u003C\/a\u003E\n\n              \u003Ca href=\u0022\/punto-de-vista\/jose-luis-gonzalez-quiros-fijar-limites-asistencia-sanitaria-publica-si\u0022\u003E\n                La asistencia p\u00fablica sanitaria tiene l\u00edmites por definici\u00f3n. Sus prioridades deber\u00edan ser garantizar unos m\u00ednimos de salud para toda la ciudadan\u00eda y ocuparse de aq (...)              \u003C\/a\u003E\u003C\/span\u003E\n          \u003C\/div\u003E\n        \u003C\/li\u003E\n                        \u003Cli class=\u0022search-result\u0022\u003E\n          \u003Cdiv class=\u0022user-picture\u0022\u003E\n            \u003Ca href=\u0022\/usuario\/enrique-baca-baldomero\u0022 title=\u0022Ir al perfil del experto Enrique  Baca Baldomero\u0022\u003E\u003Cimg src=\u0022https:\/\/www.dontknow.net\/sites\/default\/files\/styles\/profile\/public\/usuarios\/picture-25236-1348741436.jpg?itok=ZqjyC5-9\u0022 width=\u0022100\u0022 height=\u0022100\u0022 alt=\u0022Enrique  Baca Baldomero\u0022 title=\u0022Enrique  Baca Baldomero\u0022 \/\u003E\u003C\/a\u003E            \u003C\/a\u003E\n          \u003C\/div\u003E\n          \u003Cdiv class=\u0022search-snippet-info\u0022\u003E\n            \u003Cspan class=\u0022experto\u0022\u003E\n              \u003Cimg src=\u0022https:\/\/www.dontknow.net\/sites\/all\/themes\/dontknow\/images\/ico.birrete.png\u0022 alt=\u0022Icono experto\u0022 \/\u003E               \u003Ca href=\u0022\/usuario\/enrique-baca-baldomero\u0022\u003EEnrique  Baca Baldomero\u003C\/a\u003E            \u003C\/span\u003E ha publicado una opini\u00f3n.\n            \u003Cspan class=\u0022fecha\u0022\u003EHace 11 a\u00f1os.\u003C\/span\u003E\n            \u003Cspan class=\u0022intro-texto\u0022\u003E\n              \u003Ca rel=\u0022nofollow\u0022 href=\u0022\/punto-de-vista\/enrique-baca-baldomero-fijar-limites-asistencia-sanitaria-publica-no\u0022 class=\u0022si-no\u0022\u003E\n                No              \u003C\/a\u003E\n\n              \u003Ca href=\u0022\/punto-de-vista\/enrique-baca-baldomero-fijar-limites-asistencia-sanitaria-publica-no\u0022\u003E\n                No es ni posible, ni justo, ni equitativo fijar limites a la asistencia sanitaria p\u00fablica. Solo cuando dichos limites se justifiquen por estudios que establezcan las pri (...)              \u003C\/a\u003E\u003C\/span\u003E\n          \u003C\/div\u003E\n        \u003C\/li\u003E\n                  \u003C\/ol\u003E\n  \u003C\/li\u003E\n  \n","settings":null},{"command":"invoke","selector":"#decisiones-destacadas-list .hide","method":"slideDown","arguments":[300]}]