[{"command":"settings","settings":{"basePath":"\/","pathPrefix":"","setHasJsCookie":0,"ajaxPageState":{"theme":"dontknow","theme_token":"gUIAdKaOwhs6w1fssX9iROirUaXsw3znoPcxTixyGgE"},"global_filter_1":["global-filter-1-view-group-terms","",1],"collapsible_comments":{"level":0,"mode":0,"effect":"slide"}},"merge":true},{"command":"insert","method":"replaceWith","selector":"#todas-decisiones-show-more","data":"\u003Ca id=\u0022todas-decisiones-show-more\u0022 href=\u0022\/ajax\/org\/all\/93276?page=0,0,2\u0022 class=\u0022use-ajax btn\u0022\u003EMostrar m\u00e1s\u003C\/a\u003E","settings":null},{"command":"invoke","selector":"#todas-decisiones-list","method":"append","arguments":["\n    \u003Cli class=\u0022search-result decision hide\u0022\u003E\n\n    \n    \u003Ch2 class=\u0022title\u0022\u003E\u003Ca href=\u0022\/decision\/tener-resentimientos-hacia-otros-colectivos-etnicos\u0022\u003E\u00bfTener resentimientos hacia otros colectivos \u00e9tnicos?\u003C\/a\u003E \u003C\/h2\u003E\n    \u003Col class=\u0022eventos\u0022\u003E\n\n                            \u003Cli class=\u0022search-result\u0022\u003E\n          \u003Cdiv class=\u0022user-picture\u0022\u003E\n            \u003Ca href=\u0022\/usuario\/xiskya-valladares-paguaga\u0022 title=\u0022Ir al perfil del experto Xiskya Valladares Paguaga\u0022\u003E\u003Cimg src=\u0022https:\/\/www.dontknow.net\/sites\/default\/files\/styles\/profile_thumbnail\/public\/usuarios\/picture-113211-1499857126.jpg?itok=n5hEPD8F\u0022 width=\u002250\u0022 height=\u002250\u0022 alt=\u0022Xiskya Valladares Paguaga\u0022 title=\u0022Xiskya Valladares Paguaga\u0022 \/\u003E\u003C\/a\u003E            \u003C\/a\u003E\n          \u003C\/div\u003E\n          \u003Cdiv class=\u0022search-snippet-info\u0022\u003E\n            \u003Cspan class=\u0022experto\u0022\u003E\n              \u003Cimg src=\u0022https:\/\/www.dontknow.net\/sites\/all\/themes\/dontknow\/images\/ico.birrete.png\u0022 alt=\u0022Icono experto\u0022 \/\u003E               \u003Ca href=\u0022\/usuario\/xiskya-valladares-paguaga\u0022\u003EXiskya Valladares Paguaga\u003C\/a\u003E            \u003C\/span\u003E ha publicado una opini\u00f3n.\n            \u003Cspan class=\u0022fecha\u0022\u003EHace 10 a\u00f1os.\u003C\/span\u003E\n            \u003Cspan class=\u0022intro-texto\u0022\u003E\n              \u003Ca rel=\u0022nofollow\u0022 href=\u0022\/punto-de-vista\/xiskya-valladares-paguaga-tener-resentimientos-hacia-otros-colectivos-etnicos-no\u0022 class=\u0022si-no\u0022\u003E\n                No              \u003C\/a\u003E\n\n              \u003Ca href=\u0022\/punto-de-vista\/xiskya-valladares-paguaga-tener-resentimientos-hacia-otros-colectivos-etnicos-no\u0022\u003E\n                Los rasgos \u00e9tnicos no nos diferencian de los dem\u00e1s. Todos, con independencia de nuestra etnia, tenemos sentimientos e incluso un lenguaje corporal que nos identifica. N (...)              \u003C\/a\u003E\u003C\/span\u003E\n          \u003C\/div\u003E\n        \u003C\/li\u003E\n                  \u003C\/ol\u003E\n  \u003C\/li\u003E\n    \u003Cli class=\u0022search-result decision hide\u0022\u003E\n\n    \n    \u003Ch2 class=\u0022title\u0022\u003E\u003Ca href=\u0022\/decision\/renunciar-mi-identidad-integrarme\u0022\u003E\u00bfRenunciar a mi identidad para integrarme?\u003C\/a\u003E \u003C\/h2\u003E\n    \u003Col class=\u0022eventos\u0022\u003E\n\n                            \u003Cli class=\u0022search-result\u0022\u003E\n          \u003Cdiv class=\u0022user-picture\u0022\u003E\n            \u003Ca href=\u0022\/usuario\/xiskya-valladares-paguaga\u0022 title=\u0022Ir al perfil del experto Xiskya Valladares Paguaga\u0022\u003E\u003Cimg src=\u0022https:\/\/www.dontknow.net\/sites\/default\/files\/styles\/profile_thumbnail\/public\/usuarios\/picture-113211-1499857126.jpg?itok=n5hEPD8F\u0022 width=\u002250\u0022 height=\u002250\u0022 alt=\u0022Xiskya Valladares Paguaga\u0022 title=\u0022Xiskya Valladares Paguaga\u0022 \/\u003E\u003C\/a\u003E            \u003C\/a\u003E\n          \u003C\/div\u003E\n          \u003Cdiv class=\u0022search-snippet-info\u0022\u003E\n            \u003Cspan class=\u0022experto\u0022\u003E\n              \u003Cimg src=\u0022https:\/\/www.dontknow.net\/sites\/all\/themes\/dontknow\/images\/ico.birrete.png\u0022 alt=\u0022Icono experto\u0022 \/\u003E               \u003Ca href=\u0022\/usuario\/xiskya-valladares-paguaga\u0022\u003EXiskya Valladares Paguaga\u003C\/a\u003E            \u003C\/span\u003E ha publicado una opini\u00f3n.\n            \u003Cspan class=\u0022fecha\u0022\u003EHace 10 a\u00f1os.\u003C\/span\u003E\n            \u003Cspan class=\u0022intro-texto\u0022\u003E\n              \u003Ca rel=\u0022nofollow\u0022 href=\u0022\/punto-de-vista\/xiskya-valladares-paguaga-renunciar-mi-identidad-integrarme-no\u0022 class=\u0022si-no\u0022\u003E\n                No              \u003C\/a\u003E\n\n              \u003Ca href=\u0022\/punto-de-vista\/xiskya-valladares-paguaga-renunciar-mi-identidad-integrarme-no\u0022\u003E\n                No debemos renunciar a nuestra identidad bajo ning\u00fan concepto, al igual que no podemos exigir a los dem\u00e1s a que renuncien a la suya. La diversidad de identidades enriqu (...)              \u003C\/a\u003E\u003C\/span\u003E\n          \u003C\/div\u003E\n        \u003C\/li\u003E\n                  \u003C\/ol\u003E\n  \u003C\/li\u003E\n    \u003Cli class=\u0022search-result decision hide\u0022\u003E\n\n    \n    \u003Ch2 class=\u0022title\u0022\u003E\u003Ca href=\u0022\/decision\/dar-dinero-que-piden-calle\u0022\u003E\u00bfDar dinero a los que piden en la calle?\u003C\/a\u003E \u003C\/h2\u003E\n    \u003Col class=\u0022eventos\u0022\u003E\n\n                            \u003Cli class=\u0022search-result\u0022\u003E\n          \u003Cdiv class=\u0022user-picture\u0022\u003E\n            \u003Ca href=\u0022\/usuario\/xiskya-valladares-paguaga\u0022 title=\u0022Ir al perfil del experto Xiskya Valladares Paguaga\u0022\u003E\u003Cimg src=\u0022https:\/\/www.dontknow.net\/sites\/default\/files\/styles\/profile_thumbnail\/public\/usuarios\/picture-113211-1499857126.jpg?itok=n5hEPD8F\u0022 width=\u002250\u0022 height=\u002250\u0022 alt=\u0022Xiskya Valladares Paguaga\u0022 title=\u0022Xiskya Valladares Paguaga\u0022 \/\u003E\u003C\/a\u003E            \u003C\/a\u003E\n          \u003C\/div\u003E\n          \u003Cdiv class=\u0022search-snippet-info\u0022\u003E\n            \u003Cspan class=\u0022experto\u0022\u003E\n              \u003Cimg src=\u0022https:\/\/www.dontknow.net\/sites\/all\/themes\/dontknow\/images\/ico.birrete.png\u0022 alt=\u0022Icono experto\u0022 \/\u003E               \u003Ca href=\u0022\/usuario\/xiskya-valladares-paguaga\u0022\u003EXiskya Valladares Paguaga\u003C\/a\u003E            \u003C\/span\u003E ha publicado una opini\u00f3n.\n            \u003Cspan class=\u0022fecha\u0022\u003EHace 10 a\u00f1os.\u003C\/span\u003E\n            \u003Cspan class=\u0022intro-texto\u0022\u003E\n              \u003Ca rel=\u0022nofollow\u0022 href=\u0022\/punto-de-vista\/xiskya-valladares-paguaga-dar-dinero-que-piden-calle-no\u0022 class=\u0022si-no\u0022\u003E\n                No              \u003C\/a\u003E\n\n              \u003Ca href=\u0022\/punto-de-vista\/xiskya-valladares-paguaga-dar-dinero-que-piden-calle-no\u0022\u003E\n                No. Pero no es un \u0022no\u0022 absoluto, porque el dinero puede ayudar, sin embargo, creo que es m\u00e1s \u00fatil dar comida, trabajo a cualquier otra cosa que realmente nos asegure qu (...)              \u003C\/a\u003E\u003C\/span\u003E\n          \u003C\/div\u003E\n        \u003C\/li\u003E\n                  \u003C\/ol\u003E\n  \u003C\/li\u003E\n    \u003Cli class=\u0022search-result decision hide\u0022\u003E\n\n    \n    \u003Ch2 class=\u0022title\u0022\u003E\u003Ca href=\u0022\/decision\/creer-que-existe-punto-dios-cerebro\u0022\u003E\u00bfCreer que existe el punto Dios en el cerebro?\u003C\/a\u003E \u003C\/h2\u003E\n    \u003Col class=\u0022eventos\u0022\u003E\n\n                            \u003Cli class=\u0022search-result\u0022\u003E\n          \u003Cdiv class=\u0022user-picture\u0022\u003E\n            \u003Ca href=\u0022\/usuario\/xiskya-valladares-paguaga\u0022 title=\u0022Ir al perfil del experto Xiskya Valladares Paguaga\u0022\u003E\u003Cimg src=\u0022https:\/\/www.dontknow.net\/sites\/default\/files\/styles\/profile_thumbnail\/public\/usuarios\/picture-113211-1499857126.jpg?itok=n5hEPD8F\u0022 width=\u002250\u0022 height=\u002250\u0022 alt=\u0022Xiskya Valladares Paguaga\u0022 title=\u0022Xiskya Valladares Paguaga\u0022 \/\u003E\u003C\/a\u003E            \u003C\/a\u003E\n          \u003C\/div\u003E\n          \u003Cdiv class=\u0022search-snippet-info\u0022\u003E\n            \u003Cspan class=\u0022experto\u0022\u003E\n              \u003Cimg src=\u0022https:\/\/www.dontknow.net\/sites\/all\/themes\/dontknow\/images\/ico.birrete.png\u0022 alt=\u0022Icono experto\u0022 \/\u003E               \u003Ca href=\u0022\/usuario\/xiskya-valladares-paguaga\u0022\u003EXiskya Valladares Paguaga\u003C\/a\u003E            \u003C\/span\u003E ha publicado una opini\u00f3n.\n            \u003Cspan class=\u0022fecha\u0022\u003EHace 10 a\u00f1os.\u003C\/span\u003E\n            \u003Cspan class=\u0022intro-texto\u0022\u003E\n              \u003Ca rel=\u0022nofollow\u0022 href=\u0022\/punto-de-vista\/xiskya-valladares-paguaga-creer-que-existe-punto-dios-cerebro-no\u0022 class=\u0022si-no\u0022\u003E\n                No              \u003C\/a\u003E\n\n              \u003Ca href=\u0022\/punto-de-vista\/xiskya-valladares-paguaga-creer-que-existe-punto-dios-cerebro-no\u0022\u003E\n                Dios no est\u00e1 en el cerebro. El cerebro es un \u00f3rgano humano que funciona a base de conexiones neurol\u00f3gicas. Tampoco est\u00e1 en el coraz\u00f3n ni en el resto del organismo, D (...)              \u003C\/a\u003E\u003C\/span\u003E\n          \u003C\/div\u003E\n        \u003C\/li\u003E\n                  \u003C\/ol\u003E\n  \u003C\/li\u003E\n    \u003Cli class=\u0022search-result decision hide\u0022\u003E\n\n    \n    \u003Ch2 class=\u0022title\u0022\u003E\u003Ca href=\u0022\/decision\/aceptar-todas-decisiones-papa-si-soy-catolico\u0022\u003E\u00bfAceptar todas las decisiones del Papa si soy cat\u00f3lico?\u003C\/a\u003E \u003C\/h2\u003E\n    \u003Col class=\u0022eventos\u0022\u003E\n\n                            \u003Cli class=\u0022search-result\u0022\u003E\n          \u003Cdiv class=\u0022user-picture\u0022\u003E\n            \u003Ca href=\u0022\/usuario\/xiskya-valladares-paguaga\u0022 title=\u0022Ir al perfil del experto Xiskya Valladares Paguaga\u0022\u003E\u003Cimg src=\u0022https:\/\/www.dontknow.net\/sites\/default\/files\/styles\/profile_thumbnail\/public\/usuarios\/picture-113211-1499857126.jpg?itok=n5hEPD8F\u0022 width=\u002250\u0022 height=\u002250\u0022 alt=\u0022Xiskya Valladares Paguaga\u0022 title=\u0022Xiskya Valladares Paguaga\u0022 \/\u003E\u003C\/a\u003E            \u003C\/a\u003E\n          \u003C\/div\u003E\n          \u003Cdiv class=\u0022search-snippet-info\u0022\u003E\n            \u003Cspan class=\u0022experto\u0022\u003E\n              \u003Cimg src=\u0022https:\/\/www.dontknow.net\/sites\/all\/themes\/dontknow\/images\/ico.birrete.png\u0022 alt=\u0022Icono experto\u0022 \/\u003E               \u003Ca href=\u0022\/usuario\/xiskya-valladares-paguaga\u0022\u003EXiskya Valladares Paguaga\u003C\/a\u003E            \u003C\/span\u003E ha publicado una opini\u00f3n.\n            \u003Cspan class=\u0022fecha\u0022\u003EHace 10 a\u00f1os.\u003C\/span\u003E\n            \u003Cspan class=\u0022intro-texto\u0022\u003E\n              \u003Ca rel=\u0022nofollow\u0022 href=\u0022\/punto-de-vista\/xiskya-valladares-paguaga-aceptar-todas-decisiones-papa-si-soy-catolico-no\u0022 class=\u0022si-no\u0022\u003E\n                No              \u003C\/a\u003E\n\n              \u003Ca href=\u0022\/punto-de-vista\/xiskya-valladares-paguaga-aceptar-todas-decisiones-papa-si-soy-catolico-no\u0022\u003E\n                Solo estamos obligados a aceptar los dogmas de fe. El resto de decisiones del Papa las aceptaremos cuando nos parezcan correctas y est\u00e9n alineadas con el Evangelio. Exis (...)              \u003C\/a\u003E\u003C\/span\u003E\n          \u003C\/div\u003E\n        \u003C\/li\u003E\n                  \u003C\/ol\u003E\n  \u003C\/li\u003E\n  \n"]},{"command":"invoke","selector":"#todas-decisiones-list .hide","method":"slideDown","arguments":[300]}]